{"id":1593,"date":"2025-12-02T21:50:18","date_gmt":"2025-12-02T20:50:18","guid":{"rendered":"https:\/\/judo-kg-norden.de\/?p=1593"},"modified":"2025-12-02T21:50:19","modified_gmt":"2025-12-02T20:50:19","slug":"robben-cup","status":"publish","type":"post","link":"https:\/\/judo-kg-norden.de\/?p=1593","title":{"rendered":"Robben-Cup"},"content":{"rendered":"\n<p>Am vergangenen Wochenende fand der 19. Norder Robben-Cup statt. Die Judo-Kampfgemeinschaft Norden richtete das Turnier, an dem 224 Judoka teilnahmen, in der Jahnhalle aus.<\/p>\n\n\n\n<figure class=\"wp-block-image size-large is-resized\"><img data-recalc-dims=\"1\" loading=\"lazy\" decoding=\"async\" width=\"640\" height=\"853\" src=\"https:\/\/i0.wp.com\/judo-kg-norden.de\/wp-content\/uploads\/2025\/12\/IMG_5238.jpeg?resize=640%2C853&#038;ssl=1\" alt=\"\" class=\"wp-image-1596\" style=\"width:463px;height:auto\" srcset=\"https:\/\/i0.wp.com\/judo-kg-norden.de\/wp-content\/uploads\/2025\/12\/IMG_5238-scaled.jpeg?resize=768%2C1024&amp;ssl=1 768w, https:\/\/i0.wp.com\/judo-kg-norden.de\/wp-content\/uploads\/2025\/12\/IMG_5238-scaled.jpeg?resize=225%2C300&amp;ssl=1 225w, https:\/\/i0.wp.com\/judo-kg-norden.de\/wp-content\/uploads\/2025\/12\/IMG_5238-scaled.jpeg?resize=1152%2C1536&amp;ssl=1 1152w, https:\/\/i0.wp.com\/judo-kg-norden.de\/wp-content\/uploads\/2025\/12\/IMG_5238-scaled.jpeg?resize=1536%2C2048&amp;ssl=1 1536w, https:\/\/i0.wp.com\/judo-kg-norden.de\/wp-content\/uploads\/2025\/12\/IMG_5238-scaled.jpeg?w=1920&amp;ssl=1 1920w, https:\/\/i0.wp.com\/judo-kg-norden.de\/wp-content\/uploads\/2025\/12\/IMG_5238-scaled.jpeg?w=1280&amp;ssl=1 1280w\" sizes=\"auto, (max-width: 640px) 100vw, 640px\" \/><\/figure>\n\n\n\n<p>Am Samstag wurde das Turnier von den Tanzm\u00e4usen der JKG er\u00f6ffnet. Im Anschluss begr\u00fc\u00dfte der Judoabteilungsleiter Jenko Gerdes die Judoka, Trainer, Eltern und Zuschauer und bedankte sich bei allen Helferinnen und Helfern f\u00fcr die Unterst\u00fctzung. Ebenfalls wurden w\u00e4hrend der Begr\u00fc\u00dfung zwei Ehrungen durchgef\u00fchrt. Lucia Block und Lennox Mehmeti wurden f\u00fcr ihre starken Leistungen und Platzierungen auf norddeutscher Ebene in der Altersklasse u15 durch den Abteilungsleiter und ihre Trainerin Heidi Siebens geehrt.&nbsp;<\/p>\n\n\n\n<figure class=\"wp-block-image size-large is-resized\"><img data-recalc-dims=\"1\" loading=\"lazy\" decoding=\"async\" width=\"640\" height=\"853\" src=\"https:\/\/i0.wp.com\/judo-kg-norden.de\/wp-content\/uploads\/2025\/12\/IMG_5132.jpeg?resize=640%2C853&#038;ssl=1\" alt=\"\" class=\"wp-image-1597\" style=\"width:470px;height:auto\" srcset=\"https:\/\/i0.wp.com\/judo-kg-norden.de\/wp-content\/uploads\/2025\/12\/IMG_5132-scaled.jpeg?resize=768%2C1024&amp;ssl=1 768w, https:\/\/i0.wp.com\/judo-kg-norden.de\/wp-content\/uploads\/2025\/12\/IMG_5132-scaled.jpeg?resize=225%2C300&amp;ssl=1 225w, https:\/\/i0.wp.com\/judo-kg-norden.de\/wp-content\/uploads\/2025\/12\/IMG_5132-scaled.jpeg?resize=1152%2C1536&amp;ssl=1 1152w, https:\/\/i0.wp.com\/judo-kg-norden.de\/wp-content\/uploads\/2025\/12\/IMG_5132-scaled.jpeg?resize=1536%2C2048&amp;ssl=1 1536w, https:\/\/i0.wp.com\/judo-kg-norden.de\/wp-content\/uploads\/2025\/12\/IMG_5132-scaled.jpeg?w=1920&amp;ssl=1 1920w, https:\/\/i0.wp.com\/judo-kg-norden.de\/wp-content\/uploads\/2025\/12\/IMG_5132-scaled.jpeg?w=1280&amp;ssl=1 1280w\" sizes=\"auto, (max-width: 640px) 100vw, 640px\" \/><\/figure>\n\n\n\n<p>In den Altersklassen u9, u13 und u18 k\u00e4mpften die Judoka aus insgesamt 35 Vereinen am ersten Turniertag um die Medaillen, Urkunden und die Vereinswertung. F\u00fcr die JKG starteten am Samstag 14 Wettk\u00e4mpfer. Die Norder sicherten sich am Samstag den zweiten Platz in der Vereinswertung vor Bremen 1860 und dem Erstplatzierten Judoschule Kano Bremerhaven.<\/p>\n\n\n\n<p>Am Sonntag starteten die Wettk\u00e4mpfe mit der Altersklasse u11 und im Anschluss folgte die Altersklasse u15. F\u00fcr die JKG gingen am zweiten Turniertag 24 Athleten auf die Matte, um sich die Medaillen zu sichern. In knapp 200 Begegnungen auf drei Matten erk\u00e4mpften sich die Norder erneut den zweiten Platz in der Gesamtwertung aus 35 Vereinen. Insgesamt sicherten sich die Norder an beiden Tagen sieben Goldmedaillen, zehn Silbermedaillen sowie 13 Bronzemedaillen.<\/p>\n\n\n\n<p>Nicht nur die Judoka zeigten ihr K\u00f6nnen, sondern auch die Kampfrichter wurden von der Kampfrichterkommission, bestehend aus Heidi Siebens (Landeskampfrichterin, JKG) und Boris Neumann (Bundeskampfrichter, VfL Germania Leer) beobachtet. Am Samstag wurden Philipp Bu\u00df (TUS Holtriem) und Jannes Eifert (JKG) zum Bezirkskampfrichter B ernannt. <\/p>\n\n\n\n<figure class=\"wp-block-image size-large is-resized\"><img data-recalc-dims=\"1\" loading=\"lazy\" decoding=\"async\" width=\"640\" height=\"853\" src=\"https:\/\/i0.wp.com\/judo-kg-norden.de\/wp-content\/uploads\/2025\/12\/Bild2.jpeg?resize=640%2C853&#038;ssl=1\" alt=\"\" class=\"wp-image-1594\" style=\"width:473px;height:auto\" srcset=\"https:\/\/i0.wp.com\/judo-kg-norden.de\/wp-content\/uploads\/2025\/12\/Bild2-scaled.jpeg?resize=768%2C1024&amp;ssl=1 768w, https:\/\/i0.wp.com\/judo-kg-norden.de\/wp-content\/uploads\/2025\/12\/Bild2-scaled.jpeg?resize=225%2C300&amp;ssl=1 225w, https:\/\/i0.wp.com\/judo-kg-norden.de\/wp-content\/uploads\/2025\/12\/Bild2-scaled.jpeg?resize=1152%2C1536&amp;ssl=1 1152w, https:\/\/i0.wp.com\/judo-kg-norden.de\/wp-content\/uploads\/2025\/12\/Bild2-scaled.jpeg?resize=1536%2C2048&amp;ssl=1 1536w, https:\/\/i0.wp.com\/judo-kg-norden.de\/wp-content\/uploads\/2025\/12\/Bild2-scaled.jpeg?w=1920&amp;ssl=1 1920w, https:\/\/i0.wp.com\/judo-kg-norden.de\/wp-content\/uploads\/2025\/12\/Bild2-scaled.jpeg?w=1280&amp;ssl=1 1280w\" sizes=\"auto, (max-width: 640px) 100vw, 640px\" \/><\/figure>\n\n\n\n<p>Am zweiten Turniertag bestand Hauke Teten (PSV Oldenburg) seine Kreis-Kampfrichterlizenz und Christoph Legler (Heidm\u00fchler FC) wurde zum Bezirks-Kampfrichter B ernannt. <\/p>\n\n\n\n<figure class=\"wp-block-image size-large is-resized\"><img data-recalc-dims=\"1\" loading=\"lazy\" decoding=\"async\" width=\"640\" height=\"853\" src=\"https:\/\/i0.wp.com\/judo-kg-norden.de\/wp-content\/uploads\/2025\/12\/Bild1.jpeg?resize=640%2C853&#038;ssl=1\" alt=\"\" class=\"wp-image-1595\" style=\"width:472px;height:auto\" srcset=\"https:\/\/i0.wp.com\/judo-kg-norden.de\/wp-content\/uploads\/2025\/12\/Bild1-scaled.jpeg?resize=768%2C1024&amp;ssl=1 768w, https:\/\/i0.wp.com\/judo-kg-norden.de\/wp-content\/uploads\/2025\/12\/Bild1-scaled.jpeg?resize=225%2C300&amp;ssl=1 225w, https:\/\/i0.wp.com\/judo-kg-norden.de\/wp-content\/uploads\/2025\/12\/Bild1-scaled.jpeg?resize=1152%2C1536&amp;ssl=1 1152w, https:\/\/i0.wp.com\/judo-kg-norden.de\/wp-content\/uploads\/2025\/12\/Bild1-scaled.jpeg?resize=1536%2C2048&amp;ssl=1 1536w, https:\/\/i0.wp.com\/judo-kg-norden.de\/wp-content\/uploads\/2025\/12\/Bild1-scaled.jpeg?w=1920&amp;ssl=1 1920w, https:\/\/i0.wp.com\/judo-kg-norden.de\/wp-content\/uploads\/2025\/12\/Bild1-scaled.jpeg?w=1280&amp;ssl=1 1280w\" sizes=\"auto, (max-width: 640px) 100vw, 640px\" \/><\/figure>\n\n\n\n<p>Im n\u00e4chsten Jahr findet die zwanzigj\u00e4hrige Jubil\u00e4umsausgabe des Robben-Cup statt, bei dem es das ein oder andere Highlight geben wird.<\/p>\n\n\n\n<p><a href=\"https:\/\/judo-kg-norden.de\/wp-content\/uploads\/2025\/12\/Ergebnisse.pdf\">Ergebnisse<\/a><\/p>\n\n\n\n<p>Wir haben diverse <strong>Fundsachen<\/strong>, die in der Halle liegen geblieben sind, wenn jemand etwas vermisst, meldet euch bitte per Mail: wiebke . gerdes @ judo-kg-norden . de<\/p>\n\n\n\n<figure class=\"wp-block-image size-large is-resized\"><img data-recalc-dims=\"1\" loading=\"lazy\" decoding=\"async\" width=\"640\" height=\"480\" src=\"https:\/\/i0.wp.com\/judo-kg-norden.de\/wp-content\/uploads\/2025\/12\/IMG_5113.jpeg?resize=640%2C480&#038;ssl=1\" alt=\"\" class=\"wp-image-1600\" style=\"width:480px;height:auto\" srcset=\"https:\/\/i0.wp.com\/judo-kg-norden.de\/wp-content\/uploads\/2025\/12\/IMG_5113-scaled.jpeg?resize=1024%2C768&amp;ssl=1 1024w, https:\/\/i0.wp.com\/judo-kg-norden.de\/wp-content\/uploads\/2025\/12\/IMG_5113-scaled.jpeg?resize=300%2C225&amp;ssl=1 300w, https:\/\/i0.wp.com\/judo-kg-norden.de\/wp-content\/uploads\/2025\/12\/IMG_5113-scaled.jpeg?resize=768%2C576&amp;ssl=1 768w, https:\/\/i0.wp.com\/judo-kg-norden.de\/wp-content\/uploads\/2025\/12\/IMG_5113-scaled.jpeg?resize=1536%2C1152&amp;ssl=1 1536w, https:\/\/i0.wp.com\/judo-kg-norden.de\/wp-content\/uploads\/2025\/12\/IMG_5113-scaled.jpeg?resize=2048%2C1536&amp;ssl=1 2048w, https:\/\/i0.wp.com\/judo-kg-norden.de\/wp-content\/uploads\/2025\/12\/IMG_5113-scaled.jpeg?w=1280&amp;ssl=1 1280w, https:\/\/i0.wp.com\/judo-kg-norden.de\/wp-content\/uploads\/2025\/12\/IMG_5113-scaled.jpeg?w=1920&amp;ssl=1 1920w\" sizes=\"auto, (max-width: 640px) 100vw, 640px\" \/><\/figure>\n\n\n\n<p><\/p>\n","protected":false},"excerpt":{"rendered":"<p>Am vergangenen Wochenende fand der 19. Norder Robben-Cup statt. Die Judo-Kampfgemeinschaft Norden richtete das Turnier, an dem 224 Judoka teilnahmen, in der Jahnhalle aus. Am Samstag wurde das Turnier von den Tanzm\u00e4usen der JKG er\u00f6ffnet. Im Anschluss begr\u00fc\u00dfte der Judoabteilungsleiter &hellip; <a href=\"https:\/\/judo-kg-norden.de\/?p=1593\">Weiterlesen <span class=\"meta-nav\">&rarr;<\/span><\/a><\/p>\n","protected":false},"author":4,"featured_media":0,"comment_status":"closed","ping_status":"closed","sticky":false,"template":"","format":"standard","meta":{"ngg_post_thumbnail":0,"_EventAllDay":false,"_EventTimezone":"","_EventStartDate":"","_EventEndDate":"","_EventStartDateUTC":"","_EventEndDateUTC":"","_EventShowMap":false,"_EventShowMapLink":false,"_EventURL":"","_EventCost":"","_EventCostDescription":"","_EventCurrencySymbol":"","_EventCurrencyCode":"","_EventCurrencyPosition":"","_EventDateTimeSeparator":"","_EventTimeRangeSeparator":"","_EventOrganizerID":[],"_EventVenueID":[],"_OrganizerEmail":"","_OrganizerPhone":"","_OrganizerWebsite":"","_VenueAddress":"","_VenueCity":"","_VenueCountry":"","_VenueProvince":"","_VenueState":"","_VenueZip":"","_VenuePhone":"","_VenueURL":"","_VenueStateProvince":"","_VenueLat":"","_VenueLng":"","_VenueShowMap":false,"_VenueShowMapLink":false,"_jetpack_memberships_contains_paid_content":false,"footnotes":""},"categories":[9,14],"tags":[],"class_list":["post-1593","post","type-post","status-publish","format-standard","hentry","category-beitraege","category-berichte"],"jetpack_featured_media_url":"","jetpack_sharing_enabled":true,"_links":{"self":[{"href":"https:\/\/judo-kg-norden.de\/index.php?rest_route=\/wp\/v2\/posts\/1593","targetHints":{"allow":["GET"]}}],"collection":[{"href":"https:\/\/judo-kg-norden.de\/index.php?rest_route=\/wp\/v2\/posts"}],"about":[{"href":"https:\/\/judo-kg-norden.de\/index.php?rest_route=\/wp\/v2\/types\/post"}],"author":[{"embeddable":true,"href":"https:\/\/judo-kg-norden.de\/index.php?rest_route=\/wp\/v2\/users\/4"}],"replies":[{"embeddable":true,"href":"https:\/\/judo-kg-norden.de\/index.php?rest_route=%2Fwp%2Fv2%2Fcomments&post=1593"}],"version-history":[{"count":2,"href":"https:\/\/judo-kg-norden.de\/index.php?rest_route=\/wp\/v2\/posts\/1593\/revisions"}],"predecessor-version":[{"id":1601,"href":"https:\/\/judo-kg-norden.de\/index.php?rest_route=\/wp\/v2\/posts\/1593\/revisions\/1601"}],"wp:attachment":[{"href":"https:\/\/judo-kg-norden.de\/index.php?rest_route=%2Fwp%2Fv2%2Fmedia&parent=1593"}],"wp:term":[{"taxonomy":"category","embeddable":true,"href":"https:\/\/judo-kg-norden.de\/index.php?rest_route=%2Fwp%2Fv2%2Fcategories&post=1593"},{"taxonomy":"post_tag","embeddable":true,"href":"https:\/\/judo-kg-norden.de\/index.php?rest_route=%2Fwp%2Fv2%2Ftags&post=1593"}],"curies":[{"name":"wp","href":"https:\/\/api.w.org\/{rel}","templated":true}]}}