{"id":1561,"date":"2025-09-29T16:14:02","date_gmt":"2025-09-29T14:14:02","guid":{"rendered":"https:\/\/judo-kg-norden.de\/?p=1561"},"modified":"2025-09-29T16:14:03","modified_gmt":"2025-09-29T14:14:03","slug":"bezirkseinzelmeisterschaften-u9-und-u13","status":"publish","type":"post","link":"https:\/\/judo-kg-norden.de\/?p=1561","title":{"rendered":"Bezirkseinzelmeisterschaften u9 und u13"},"content":{"rendered":"\n<p>Am Wochenende starteten zehn Judoka der Judo-Kampfgemeinschaft Norden bei den Bezirkseinzelmeisterschaften der Altersklasse u9 und u13 in Hatten-Sandkrug.<\/p>\n\n\n\n<p>Vier Norder wurden Bezirksmeister und vier Vizebezirksmeister.<\/p>\n\n\n\n<p>In der Altersklasse u9 k\u00e4mpften f\u00fcr Norden Ylvie Fink, Anita Eifert und Jelke Gerdes. Anita Eifert ging gegen Karin Happi Tchakountouo vom VfL Edewecht als Siegerin von der Matte und ist in der Gewichtsklasse bis 33,1 Kilogramm Bezirksmeisterin geworden. Ylvie Fink k\u00e4mpfte in der Gewichtsklasse bis 21,7 Kilogramm und erreichte die Bronzemedaille. Jelke Gerdes unterlag im ersten Kampf Anna Moghel vom Osnabr\u00fcckter TB und siegte gegen Thea Dzierzanowski von der TSG Hatten-Sandkrug. Jelke Gerdes erreichte damit in der Gewichtsklasse bis 25 Kilogramm die Silbermedaille.<\/p>\n\n\n\n<p>In der Altersklasse u13 starteten f\u00fcr die JKG Kilian Fink, Maxim und Lucia Block, Lennox Mehmeti, Tristan St\u00fctz, Lisbeth Neumann und Jaike Gerdes.Maxim Block, der als j\u00fcngster Jahrgang in der U13 startete, siegte gegen Wettk\u00e4mpfer vom Yawara SV, TV Friedeburg und TV Dinklage und sicherte sich die Goldmedaille. Lisbeth Neumann k\u00e4mpfte in der Gewichtsklasse bis 43,9 Kilogramm und erreichte ebenfalls nach drei Siegen die Goldmedaille. Lucia Block unterlag in der Gewichtsklasse bis 44,7 Kilogramm lediglich Kiara Feil von den Judo Crocodiles Osnabr\u00fcck und siegte gegen Christina Roj (Judo Tiger Visbek) und Veronika Heinrich (Judo Crocodiles Osnabr\u00fcck). Die Norderin sicherte sich die Silbermedaille. Lennox Mehmeti k\u00e4mpfte in der Gewichtsklasse bis 32,4 Kilogramm. Nach drei Siegen gegen K\u00e4mpfer aus Oldendorf, Visbek und Edewecht erreichte er den ersten Platz. In der Gewichtsklasse bis 37,2 Kilogramm startete f\u00fcr die Judo-Kampfgemeinschaft Kilian Fink. Nach einem Sieg und zwei Niederlagen w\u00e4re der zweite Platz m\u00f6glich gewesen, da seine Gegner in der Gewichtsklasse alle nur einen Sieg erreicht hatten. In der anschlie\u00dfenden ausgelosten Begegnung musste sich Kilian Fink geschlagen geben und erreichte somit den dritten Platz. Auch Kilian Fink startete aus der Altersklasse u11 als j\u00fcngster Jahrgang in der Altersklasse u13. Tristan St\u00fctz siegte in der Gewichtsklasse bis 58,6 Kilogramm gegen Judoka aus Oldenburg und Ihlow. Gegen Ahver Tzampaz vom Yawara SV musste er sich gegen zwei W\u00fcrfe geschlagen geben und erreichte den zweiten Platz. Jaike Gerdes ging in der Gewichtsklasse bis 39,9 Kilogramm auf die Matte. Sie gewann gegen Hannah-Sophie Schacht vom TuS Esens nach Ablauf der regul\u00e4ren Kampfzeit (drei Minuten) und Golden Score (eineinhalb Minuten) mit einem Kampfrichterentscheid. In der zweiten Begegnung siegte die Norderin gegen Natalie Zysk ebenfalls aus Esens. Gegen Mina Oukich vom Osnabr\u00fccker TB musste sie sich geschlagen geben und erreichte den zweiten Platz.<\/p>\n\n\n\n<figure class=\"wp-block-image size-large is-resized\"><img data-recalc-dims=\"1\" loading=\"lazy\" decoding=\"async\" width=\"640\" height=\"853\" src=\"https:\/\/i0.wp.com\/judo-kg-norden.de\/wp-content\/uploads\/2025\/09\/IMG_4450.jpeg?resize=640%2C853&#038;ssl=1\" alt=\"\" class=\"wp-image-1562\" style=\"width:467px;height:auto\" srcset=\"https:\/\/i0.wp.com\/judo-kg-norden.de\/wp-content\/uploads\/2025\/09\/IMG_4450-scaled.jpeg?resize=768%2C1024&amp;ssl=1 768w, https:\/\/i0.wp.com\/judo-kg-norden.de\/wp-content\/uploads\/2025\/09\/IMG_4450-scaled.jpeg?resize=225%2C300&amp;ssl=1 225w, https:\/\/i0.wp.com\/judo-kg-norden.de\/wp-content\/uploads\/2025\/09\/IMG_4450-scaled.jpeg?resize=1152%2C1536&amp;ssl=1 1152w, https:\/\/i0.wp.com\/judo-kg-norden.de\/wp-content\/uploads\/2025\/09\/IMG_4450-scaled.jpeg?resize=1536%2C2048&amp;ssl=1 1536w, https:\/\/i0.wp.com\/judo-kg-norden.de\/wp-content\/uploads\/2025\/09\/IMG_4450-scaled.jpeg?w=1920&amp;ssl=1 1920w, https:\/\/i0.wp.com\/judo-kg-norden.de\/wp-content\/uploads\/2025\/09\/IMG_4450-scaled.jpeg?w=1280&amp;ssl=1 1280w\" sizes=\"auto, (max-width: 640px) 100vw, 640px\" \/><\/figure>\n","protected":false},"excerpt":{"rendered":"<p>Am Wochenende starteten zehn Judoka der Judo-Kampfgemeinschaft Norden bei den Bezirkseinzelmeisterschaften der Altersklasse u9 und u13 in Hatten-Sandkrug. Vier Norder wurden Bezirksmeister und vier Vizebezirksmeister. In der Altersklasse u9 k\u00e4mpften f\u00fcr Norden Ylvie Fink, Anita Eifert und Jelke Gerdes. Anita &hellip; <a href=\"https:\/\/judo-kg-norden.de\/?p=1561\">Weiterlesen <span class=\"meta-nav\">&rarr;<\/span><\/a><\/p>\n","protected":false},"author":4,"featured_media":0,"comment_status":"closed","ping_status":"closed","sticky":false,"template":"","format":"standard","meta":{"ngg_post_thumbnail":0,"_EventAllDay":false,"_EventTimezone":"","_EventStartDate":"","_EventEndDate":"","_EventStartDateUTC":"","_EventEndDateUTC":"","_EventShowMap":false,"_EventShowMapLink":false,"_EventURL":"","_EventCost":"","_EventCostDescription":"","_EventCurrencySymbol":"","_EventCurrencyCode":"","_EventCurrencyPosition":"","_EventDateTimeSeparator":"","_EventTimeRangeSeparator":"","_EventOrganizerID":[],"_EventVenueID":[],"_OrganizerEmail":"","_OrganizerPhone":"","_OrganizerWebsite":"","_VenueAddress":"","_VenueCity":"","_VenueCountry":"","_VenueProvince":"","_VenueState":"","_VenueZip":"","_VenuePhone":"","_VenueURL":"","_VenueStateProvince":"","_VenueLat":"","_VenueLng":"","_VenueShowMap":false,"_VenueShowMapLink":false,"_jetpack_memberships_contains_paid_content":false,"footnotes":""},"categories":[9,14],"tags":[],"class_list":["post-1561","post","type-post","status-publish","format-standard","hentry","category-beitraege","category-berichte"],"jetpack_featured_media_url":"","jetpack_sharing_enabled":true,"_links":{"self":[{"href":"https:\/\/judo-kg-norden.de\/index.php?rest_route=\/wp\/v2\/posts\/1561","targetHints":{"allow":["GET"]}}],"collection":[{"href":"https:\/\/judo-kg-norden.de\/index.php?rest_route=\/wp\/v2\/posts"}],"about":[{"href":"https:\/\/judo-kg-norden.de\/index.php?rest_route=\/wp\/v2\/types\/post"}],"author":[{"embeddable":true,"href":"https:\/\/judo-kg-norden.de\/index.php?rest_route=\/wp\/v2\/users\/4"}],"replies":[{"embeddable":true,"href":"https:\/\/judo-kg-norden.de\/index.php?rest_route=%2Fwp%2Fv2%2Fcomments&post=1561"}],"version-history":[{"count":1,"href":"https:\/\/judo-kg-norden.de\/index.php?rest_route=\/wp\/v2\/posts\/1561\/revisions"}],"predecessor-version":[{"id":1563,"href":"https:\/\/judo-kg-norden.de\/index.php?rest_route=\/wp\/v2\/posts\/1561\/revisions\/1563"}],"wp:attachment":[{"href":"https:\/\/judo-kg-norden.de\/index.php?rest_route=%2Fwp%2Fv2%2Fmedia&parent=1561"}],"wp:term":[{"taxonomy":"category","embeddable":true,"href":"https:\/\/judo-kg-norden.de\/index.php?rest_route=%2Fwp%2Fv2%2Fcategories&post=1561"},{"taxonomy":"post_tag","embeddable":true,"href":"https:\/\/judo-kg-norden.de\/index.php?rest_route=%2Fwp%2Fv2%2Ftags&post=1561"}],"curies":[{"name":"wp","href":"https:\/\/api.w.org\/{rel}","templated":true}]}}