{"id":1495,"date":"2025-06-30T22:05:33","date_gmt":"2025-06-30T20:05:33","guid":{"rendered":"https:\/\/judo-kg-norden.de\/?p=1495"},"modified":"2025-06-30T22:05:33","modified_gmt":"2025-06-30T20:05:33","slug":"schlossparkserenade","status":"publish","type":"post","link":"https:\/\/judo-kg-norden.de\/?p=1495","title":{"rendered":"Schlossparkserenade"},"content":{"rendered":"\r\n<p>Am Samstag gestalteten die Tanz-Teens das Picknickwiesenprogramm bei der 9. Schlossparkserenade in L\u00fctetsburg mit. Die beiden Gruppen zeigten vor der Schlosskulisse insgesamt sechs T\u00e4nze. Die kleinen Tanzm\u00e4use (5-8 Jahre) tanzten zu den Liedern \u201eRegenbogenbunt\u201c von Wir 3, \u201eSweet little bumble Bee\u201c von Bambee und als Abschluss folgte der \u201ePiratentanz\u201c von Simone Sommerland und Karsten Gl\u00fcck.<\/p>\r\n\r\n\r\n\r\n<p>Die zweite Gruppe (ab 9 Jahren) zeigte Ihre Darbietungen zu \u201eShake it off\u201c von Taylor Swift, \u201eDoes your mother know\u201c von Abba und \u201eWe no speak americano\u201c von Yolanda be cool, D-Cup, bei der die H\u00fcte wieder zum Einsatz kamen.<\/p>\r\n\r\n\r\n\r\n<p>Viele Familien picknickten nach dem Auftritt der Tanzteens und verblieben bis zum gro\u00dfen Konzert des Stadtorchesters der Freiwilligen Feuerwehr Norden.<\/p>\r\n\r\n\r\n\r\n<figure class=\"wp-block-image size-large\"><img data-recalc-dims=\"1\" loading=\"lazy\" decoding=\"async\" width=\"640\" height=\"480\" class=\"wp-image-1496\" src=\"https:\/\/i0.wp.com\/judo-kg-norden.de\/wp-content\/uploads\/2025\/06\/image-8.jpeg?resize=640%2C480&#038;ssl=1\" alt=\"\" srcset=\"https:\/\/i0.wp.com\/judo-kg-norden.de\/wp-content\/uploads\/2025\/06\/image-8-scaled.jpeg?resize=1024%2C768&amp;ssl=1 1024w, https:\/\/i0.wp.com\/judo-kg-norden.de\/wp-content\/uploads\/2025\/06\/image-8-scaled.jpeg?resize=300%2C225&amp;ssl=1 300w, https:\/\/i0.wp.com\/judo-kg-norden.de\/wp-content\/uploads\/2025\/06\/image-8-scaled.jpeg?resize=768%2C576&amp;ssl=1 768w, https:\/\/i0.wp.com\/judo-kg-norden.de\/wp-content\/uploads\/2025\/06\/image-8-scaled.jpeg?resize=1536%2C1152&amp;ssl=1 1536w, https:\/\/i0.wp.com\/judo-kg-norden.de\/wp-content\/uploads\/2025\/06\/image-8-scaled.jpeg?resize=2048%2C1536&amp;ssl=1 2048w, https:\/\/i0.wp.com\/judo-kg-norden.de\/wp-content\/uploads\/2025\/06\/image-8-scaled.jpeg?w=1280&amp;ssl=1 1280w, https:\/\/i0.wp.com\/judo-kg-norden.de\/wp-content\/uploads\/2025\/06\/image-8-scaled.jpeg?w=1920&amp;ssl=1 1920w\" sizes=\"auto, (max-width: 640px) 100vw, 640px\" \/><\/figure>\r\n\r\n\r\n\r\n<figure class=\"wp-block-image size-large\"><img data-recalc-dims=\"1\" loading=\"lazy\" decoding=\"async\" width=\"640\" height=\"480\" class=\"wp-image-1497\" src=\"https:\/\/i0.wp.com\/judo-kg-norden.de\/wp-content\/uploads\/2025\/06\/image-9.jpeg?resize=640%2C480&#038;ssl=1\" alt=\"\" srcset=\"https:\/\/i0.wp.com\/judo-kg-norden.de\/wp-content\/uploads\/2025\/06\/image-9-scaled.jpeg?resize=1024%2C768&amp;ssl=1 1024w, https:\/\/i0.wp.com\/judo-kg-norden.de\/wp-content\/uploads\/2025\/06\/image-9-scaled.jpeg?resize=300%2C225&amp;ssl=1 300w, https:\/\/i0.wp.com\/judo-kg-norden.de\/wp-content\/uploads\/2025\/06\/image-9-scaled.jpeg?resize=768%2C576&amp;ssl=1 768w, https:\/\/i0.wp.com\/judo-kg-norden.de\/wp-content\/uploads\/2025\/06\/image-9-scaled.jpeg?resize=1536%2C1152&amp;ssl=1 1536w, https:\/\/i0.wp.com\/judo-kg-norden.de\/wp-content\/uploads\/2025\/06\/image-9-scaled.jpeg?resize=2048%2C1536&amp;ssl=1 2048w, https:\/\/i0.wp.com\/judo-kg-norden.de\/wp-content\/uploads\/2025\/06\/image-9-scaled.jpeg?w=1280&amp;ssl=1 1280w, https:\/\/i0.wp.com\/judo-kg-norden.de\/wp-content\/uploads\/2025\/06\/image-9-scaled.jpeg?w=1920&amp;ssl=1 1920w\" sizes=\"auto, (max-width: 640px) 100vw, 640px\" \/><\/figure>\r\n","protected":false},"excerpt":{"rendered":"<p>Am Samstag gestalteten die Tanz-Teens das Picknickwiesenprogramm bei der 9. Schlossparkserenade in L\u00fctetsburg mit. Die beiden Gruppen zeigten vor der Schlosskulisse insgesamt sechs T\u00e4nze. Die kleinen Tanzm\u00e4use (5-8 Jahre) tanzten zu den Liedern \u201eRegenbogenbunt\u201c von Wir 3, \u201eSweet little bumble &hellip; <a href=\"https:\/\/judo-kg-norden.de\/?p=1495\">Weiterlesen <span class=\"meta-nav\">&rarr;<\/span><\/a><\/p>\n","protected":false},"author":4,"featured_media":0,"comment_status":"closed","ping_status":"closed","sticky":false,"template":"","format":"standard","meta":{"ngg_post_thumbnail":0,"_EventAllDay":false,"_EventTimezone":"","_EventStartDate":"","_EventEndDate":"","_EventStartDateUTC":"","_EventEndDateUTC":"","_EventShowMap":false,"_EventShowMapLink":false,"_EventURL":"","_EventCost":"","_EventCostDescription":"","_EventCurrencySymbol":"","_EventCurrencyCode":"","_EventCurrencyPosition":"","_EventDateTimeSeparator":"","_EventTimeRangeSeparator":"","_EventOrganizerID":[],"_EventVenueID":[],"_OrganizerEmail":"","_OrganizerPhone":"","_OrganizerWebsite":"","_VenueAddress":"","_VenueCity":"","_VenueCountry":"","_VenueProvince":"","_VenueState":"","_VenueZip":"","_VenuePhone":"","_VenueURL":"","_VenueStateProvince":"","_VenueLat":"","_VenueLng":"","_VenueShowMap":false,"_VenueShowMapLink":false,"_jetpack_memberships_contains_paid_content":false,"footnotes":""},"categories":[9,14,5],"tags":[],"class_list":["post-1495","post","type-post","status-publish","format-standard","hentry","category-beitraege","category-berichte","category-verein"],"jetpack_featured_media_url":"","jetpack_sharing_enabled":true,"_links":{"self":[{"href":"https:\/\/judo-kg-norden.de\/index.php?rest_route=\/wp\/v2\/posts\/1495","targetHints":{"allow":["GET"]}}],"collection":[{"href":"https:\/\/judo-kg-norden.de\/index.php?rest_route=\/wp\/v2\/posts"}],"about":[{"href":"https:\/\/judo-kg-norden.de\/index.php?rest_route=\/wp\/v2\/types\/post"}],"author":[{"embeddable":true,"href":"https:\/\/judo-kg-norden.de\/index.php?rest_route=\/wp\/v2\/users\/4"}],"replies":[{"embeddable":true,"href":"https:\/\/judo-kg-norden.de\/index.php?rest_route=%2Fwp%2Fv2%2Fcomments&post=1495"}],"version-history":[{"count":2,"href":"https:\/\/judo-kg-norden.de\/index.php?rest_route=\/wp\/v2\/posts\/1495\/revisions"}],"predecessor-version":[{"id":1499,"href":"https:\/\/judo-kg-norden.de\/index.php?rest_route=\/wp\/v2\/posts\/1495\/revisions\/1499"}],"wp:attachment":[{"href":"https:\/\/judo-kg-norden.de\/index.php?rest_route=%2Fwp%2Fv2%2Fmedia&parent=1495"}],"wp:term":[{"taxonomy":"category","embeddable":true,"href":"https:\/\/judo-kg-norden.de\/index.php?rest_route=%2Fwp%2Fv2%2Fcategories&post=1495"},{"taxonomy":"post_tag","embeddable":true,"href":"https:\/\/judo-kg-norden.de\/index.php?rest_route=%2Fwp%2Fv2%2Ftags&post=1495"}],"curies":[{"name":"wp","href":"https:\/\/api.w.org\/{rel}","templated":true}]}}