{"id":1485,"date":"2025-06-30T22:08:40","date_gmt":"2025-06-30T20:08:40","guid":{"rendered":"https:\/\/judo-kg-norden.de\/?p=1485"},"modified":"2025-06-30T22:08:40","modified_gmt":"2025-06-30T20:08:40","slug":"pruefungen","status":"publish","type":"post","link":"https:\/\/judo-kg-norden.de\/?p=1485","title":{"rendered":"Pr\u00fcfungen"},"content":{"rendered":"\r\n<p>In den letzten Wochen wurden in allen Trainingsgruppen Gurtpr\u00fcfungen durchgef\u00fchrt. Die Pr\u00fcfungen zum 8. Kyu bis einschlie\u00dflich 4.Kyu wurden von den Trainern in den Gruppen durchgef\u00fchrt. Die Pr\u00fcfung zum 3. und 2. Kyu fanden als Kreispr\u00fcfung statt. Die Pr\u00fcfung zum 3. Dan wurde in Modulen in Oldenburg abgenommen.<\/p>\r\n\r\n\r\n\r\n<p>Wir gratulieren zum 8.Kyu: Theodor Brodersen, Svea und Linus Rademacher, Alma und Mohammed Abdullatif, Amelie Bents, Joleen Fischer, Reihan Pucurica, Magnus Ludger Henkel, Sarah Jead, Mia de Groot, Thong Hieu Nguyen, Julian St\u00fctz.<\/p>\r\n\r\n\r\n\r\n<p>Wir gratulieren zum 7.Kyu: Ylvie Fink, Raik Kuhne, Leonard Heppner, Jaike und Jelke Gerdes.<\/p>\r\n\r\n\r\n\r\n<p>Wir gratulieren zum 5. Kyu: Raik Freydank, Kilian Fink, Zoe Kuhe, Lisbeth Neuman, Svenja St\u00fctz.<\/p>\r\n\r\n\r\n\r\n<p>Wir gratulieren zum 4.Kyu: Maxim Engelmann, Tristan St\u00fctz, Maxim Block.<\/p>\r\n\r\n\r\n\r\n<p>Wir gratulieren zum 3. Kyu: Lucia Block, Marcel Garbotz<\/p>\r\n\r\n\r\n\r\n<p>Wir gratulieren zum 2. Kyu: Lennox Mehmeti<\/p>\r\n\r\n\r\n\r\n<p>Wir gratulieren zum 3. Dan: Maiken Lindenkamp<\/p>\r\n\r\n\r\n\r\n<div class=\"wp-block-group\"><div class=\"wp-block-group__inner-container is-layout-constrained wp-block-group-is-layout-constrained\">\r\n<figure class=\"wp-block-image size-large\"><img data-recalc-dims=\"1\" loading=\"lazy\" decoding=\"async\" width=\"640\" height=\"379\" class=\"wp-image-1487\" src=\"https:\/\/i0.wp.com\/judo-kg-norden.de\/wp-content\/uploads\/2025\/06\/image-1.jpeg?resize=640%2C379&#038;ssl=1\" alt=\"\" srcset=\"https:\/\/i0.wp.com\/judo-kg-norden.de\/wp-content\/uploads\/2025\/06\/image-1-scaled.jpeg?resize=1024%2C607&amp;ssl=1 1024w, https:\/\/i0.wp.com\/judo-kg-norden.de\/wp-content\/uploads\/2025\/06\/image-1-scaled.jpeg?resize=300%2C178&amp;ssl=1 300w, https:\/\/i0.wp.com\/judo-kg-norden.de\/wp-content\/uploads\/2025\/06\/image-1-scaled.jpeg?resize=768%2C456&amp;ssl=1 768w, https:\/\/i0.wp.com\/judo-kg-norden.de\/wp-content\/uploads\/2025\/06\/image-1-scaled.jpeg?resize=1536%2C911&amp;ssl=1 1536w, https:\/\/i0.wp.com\/judo-kg-norden.de\/wp-content\/uploads\/2025\/06\/image-1-scaled.jpeg?resize=2048%2C1215&amp;ssl=1 2048w, https:\/\/i0.wp.com\/judo-kg-norden.de\/wp-content\/uploads\/2025\/06\/image-1-scaled.jpeg?w=1280&amp;ssl=1 1280w, https:\/\/i0.wp.com\/judo-kg-norden.de\/wp-content\/uploads\/2025\/06\/image-1-scaled.jpeg?w=1920&amp;ssl=1 1920w\" sizes=\"auto, (max-width: 640px) 100vw, 640px\" \/><\/figure>\r\n\r\n\r\n\r\n<figure class=\"wp-block-image size-large is-resized\"><img data-recalc-dims=\"1\" loading=\"lazy\" decoding=\"async\" width=\"640\" height=\"819\" class=\"wp-image-1486\" style=\"width: 398px; height: auto;\" src=\"https:\/\/i0.wp.com\/judo-kg-norden.de\/wp-content\/uploads\/2025\/06\/image.jpeg?resize=640%2C819&#038;ssl=1\" alt=\"\" srcset=\"https:\/\/i0.wp.com\/judo-kg-norden.de\/wp-content\/uploads\/2025\/06\/image.jpeg?resize=800%2C1024&amp;ssl=1 800w, https:\/\/i0.wp.com\/judo-kg-norden.de\/wp-content\/uploads\/2025\/06\/image.jpeg?resize=234%2C300&amp;ssl=1 234w, https:\/\/i0.wp.com\/judo-kg-norden.de\/wp-content\/uploads\/2025\/06\/image.jpeg?resize=768%2C983&amp;ssl=1 768w, https:\/\/i0.wp.com\/judo-kg-norden.de\/wp-content\/uploads\/2025\/06\/image.jpeg?resize=1200%2C1536&amp;ssl=1 1200w, https:\/\/i0.wp.com\/judo-kg-norden.de\/wp-content\/uploads\/2025\/06\/image.jpeg?resize=1600%2C2048&amp;ssl=1 1600w, https:\/\/i0.wp.com\/judo-kg-norden.de\/wp-content\/uploads\/2025\/06\/image.jpeg?w=1706&amp;ssl=1 1706w, https:\/\/i0.wp.com\/judo-kg-norden.de\/wp-content\/uploads\/2025\/06\/image.jpeg?w=1280&amp;ssl=1 1280w\" sizes=\"auto, (max-width: 640px) 100vw, 640px\" \/><\/figure>\r\n\r\n\r\n\r\n\r\n\r\n\r\n\r\n<figure class=\"wp-block-image size-large is-resized\"><img data-recalc-dims=\"1\" width=\"640\" decoding=\"async\" class=\"wp-image-1490\" style=\"width: 174px;\" src=\"https:\/\/i0.wp.com\/judo-kg-norden.de\/wp-content\/uploads\/2025\/06\/image-4.jpeg?fit=640%2C336&#038;ssl=1\" alt=\"\" height=\"336\" srcset=\"https:\/\/i0.wp.com\/judo-kg-norden.de\/wp-content\/uploads\/2025\/06\/image-4-scaled.jpeg?resize=531%2C1024&amp;ssl=1 531w, https:\/\/i0.wp.com\/judo-kg-norden.de\/wp-content\/uploads\/2025\/06\/image-4-scaled.jpeg?resize=156%2C300&amp;ssl=1 156w, https:\/\/i0.wp.com\/judo-kg-norden.de\/wp-content\/uploads\/2025\/06\/image-4-scaled.jpeg?resize=768%2C1480&amp;ssl=1 768w, https:\/\/i0.wp.com\/judo-kg-norden.de\/wp-content\/uploads\/2025\/06\/image-4-scaled.jpeg?resize=797%2C1536&amp;ssl=1 797w, https:\/\/i0.wp.com\/judo-kg-norden.de\/wp-content\/uploads\/2025\/06\/image-4-scaled.jpeg?resize=1063%2C2048&amp;ssl=1 1063w, https:\/\/i0.wp.com\/judo-kg-norden.de\/wp-content\/uploads\/2025\/06\/image-4-scaled.jpeg?w=1328&amp;ssl=1 1328w\" sizes=\"(max-width: 531px) 100vw, 531px\" \/><img data-recalc-dims=\"1\" width=\"640\" decoding=\"async\" class=\"wp-image-1489\" style=\"width: 135px;\" src=\"https:\/\/i0.wp.com\/judo-kg-norden.de\/wp-content\/uploads\/2025\/06\/image-3.jpeg?fit=640%2C335&#038;ssl=1\" alt=\"\" height=\"335\" srcset=\"https:\/\/i0.wp.com\/judo-kg-norden.de\/wp-content\/uploads\/2025\/06\/image-3.jpeg?resize=412%2C1024&amp;ssl=1 412w, https:\/\/i0.wp.com\/judo-kg-norden.de\/wp-content\/uploads\/2025\/06\/image-3.jpeg?resize=121%2C300&amp;ssl=1 121w, https:\/\/i0.wp.com\/judo-kg-norden.de\/wp-content\/uploads\/2025\/06\/image-3.jpeg?resize=768%2C1907&amp;ssl=1 768w, https:\/\/i0.wp.com\/judo-kg-norden.de\/wp-content\/uploads\/2025\/06\/image-3.jpeg?resize=825%2C2048&amp;ssl=1 825w, https:\/\/i0.wp.com\/judo-kg-norden.de\/wp-content\/uploads\/2025\/06\/image-3.jpeg?w=849&amp;ssl=1 849w\" sizes=\"(max-width: 412px) 100vw, 412px\" \/><\/figure>\r\n\r\n\r\n\r\n\r\n\r\n<figure class=\"wp-block-image size-full is-resized\"><img data-recalc-dims=\"1\" loading=\"lazy\" decoding=\"async\" width=\"640\" height=\"708\" class=\"wp-image-1491\" style=\"width: 344px; height: auto;\" src=\"https:\/\/i0.wp.com\/judo-kg-norden.de\/wp-content\/uploads\/2025\/06\/image-5.jpeg?resize=640%2C708&#038;ssl=1\" alt=\"\" srcset=\"https:\/\/i0.wp.com\/judo-kg-norden.de\/wp-content\/uploads\/2025\/06\/image-5.jpeg?w=852&amp;ssl=1 852w, https:\/\/i0.wp.com\/judo-kg-norden.de\/wp-content\/uploads\/2025\/06\/image-5.jpeg?resize=271%2C300&amp;ssl=1 271w, https:\/\/i0.wp.com\/judo-kg-norden.de\/wp-content\/uploads\/2025\/06\/image-5.jpeg?resize=768%2C849&amp;ssl=1 768w\" sizes=\"auto, (max-width: 640px) 100vw, 640px\" \/><\/figure>\r\n\r\n\r\n\r\n<figure class=\"wp-block-image size-large is-resized\"><img data-recalc-dims=\"1\" loading=\"lazy\" decoding=\"async\" width=\"640\" height=\"853\" class=\"wp-image-1492\" style=\"width: 375px; height: auto;\" src=\"https:\/\/i0.wp.com\/judo-kg-norden.de\/wp-content\/uploads\/2025\/06\/image-6.jpeg?resize=640%2C853&#038;ssl=1\" alt=\"\" srcset=\"https:\/\/i0.wp.com\/judo-kg-norden.de\/wp-content\/uploads\/2025\/06\/image-6.jpeg?resize=768%2C1024&amp;ssl=1 768w, https:\/\/i0.wp.com\/judo-kg-norden.de\/wp-content\/uploads\/2025\/06\/image-6.jpeg?resize=225%2C300&amp;ssl=1 225w, https:\/\/i0.wp.com\/judo-kg-norden.de\/wp-content\/uploads\/2025\/06\/image-6.jpeg?resize=1152%2C1536&amp;ssl=1 1152w, https:\/\/i0.wp.com\/judo-kg-norden.de\/wp-content\/uploads\/2025\/06\/image-6.jpeg?w=1200&amp;ssl=1 1200w\" sizes=\"auto, (max-width: 640px) 100vw, 640px\" \/><\/figure>\r\n\r\n\r\n\r\n<figure class=\"wp-block-image size-large is-resized\"><img data-recalc-dims=\"1\" loading=\"lazy\" decoding=\"async\" width=\"640\" height=\"853\" class=\"wp-image-1493\" style=\"width: 458px; height: auto;\" src=\"https:\/\/i0.wp.com\/judo-kg-norden.de\/wp-content\/uploads\/2025\/06\/image-7.jpeg?resize=640%2C853&#038;ssl=1\" alt=\"\" srcset=\"https:\/\/i0.wp.com\/judo-kg-norden.de\/wp-content\/uploads\/2025\/06\/image-7-scaled.jpeg?resize=768%2C1024&amp;ssl=1 768w, https:\/\/i0.wp.com\/judo-kg-norden.de\/wp-content\/uploads\/2025\/06\/image-7-scaled.jpeg?resize=225%2C300&amp;ssl=1 225w, https:\/\/i0.wp.com\/judo-kg-norden.de\/wp-content\/uploads\/2025\/06\/image-7-scaled.jpeg?resize=1152%2C1536&amp;ssl=1 1152w, https:\/\/i0.wp.com\/judo-kg-norden.de\/wp-content\/uploads\/2025\/06\/image-7-scaled.jpeg?resize=1536%2C2048&amp;ssl=1 1536w, https:\/\/i0.wp.com\/judo-kg-norden.de\/wp-content\/uploads\/2025\/06\/image-7-scaled.jpeg?w=1920&amp;ssl=1 1920w, https:\/\/i0.wp.com\/judo-kg-norden.de\/wp-content\/uploads\/2025\/06\/image-7-scaled.jpeg?w=1280&amp;ssl=1 1280w\" sizes=\"auto, (max-width: 640px) 100vw, 640px\" \/><\/figure>\r\n<\/div><\/div>\r\n","protected":false},"excerpt":{"rendered":"<p>In den letzten Wochen wurden in allen Trainingsgruppen Gurtpr\u00fcfungen durchgef\u00fchrt. Die Pr\u00fcfungen zum 8. Kyu bis einschlie\u00dflich 4.Kyu wurden von den Trainern in den Gruppen durchgef\u00fchrt. Die Pr\u00fcfung zum 3. und 2. Kyu fanden als Kreispr\u00fcfung statt. Die Pr\u00fcfung zum &hellip; <a href=\"https:\/\/judo-kg-norden.de\/?p=1485\">Weiterlesen <span class=\"meta-nav\">&rarr;<\/span><\/a><\/p>\n","protected":false},"author":4,"featured_media":0,"comment_status":"closed","ping_status":"closed","sticky":false,"template":"","format":"standard","meta":{"ngg_post_thumbnail":0,"_EventAllDay":false,"_EventTimezone":"","_EventStartDate":"","_EventEndDate":"","_EventStartDateUTC":"","_EventEndDateUTC":"","_EventShowMap":false,"_EventShowMapLink":false,"_EventURL":"","_EventCost":"","_EventCostDescription":"","_EventCurrencySymbol":"","_EventCurrencyCode":"","_EventCurrencyPosition":"","_EventDateTimeSeparator":"","_EventTimeRangeSeparator":"","_EventOrganizerID":[],"_EventVenueID":[],"_OrganizerEmail":"","_OrganizerPhone":"","_OrganizerWebsite":"","_VenueAddress":"","_VenueCity":"","_VenueCountry":"","_VenueProvince":"","_VenueState":"","_VenueZip":"","_VenuePhone":"","_VenueURL":"","_VenueStateProvince":"","_VenueLat":"","_VenueLng":"","_VenueShowMap":false,"_VenueShowMapLink":false,"_jetpack_memberships_contains_paid_content":false,"footnotes":""},"categories":[9,14,5],"tags":[],"class_list":["post-1485","post","type-post","status-publish","format-standard","hentry","category-beitraege","category-berichte","category-verein"],"jetpack_featured_media_url":"","jetpack_sharing_enabled":true,"_links":{"self":[{"href":"https:\/\/judo-kg-norden.de\/index.php?rest_route=\/wp\/v2\/posts\/1485","targetHints":{"allow":["GET"]}}],"collection":[{"href":"https:\/\/judo-kg-norden.de\/index.php?rest_route=\/wp\/v2\/posts"}],"about":[{"href":"https:\/\/judo-kg-norden.de\/index.php?rest_route=\/wp\/v2\/types\/post"}],"author":[{"embeddable":true,"href":"https:\/\/judo-kg-norden.de\/index.php?rest_route=\/wp\/v2\/users\/4"}],"replies":[{"embeddable":true,"href":"https:\/\/judo-kg-norden.de\/index.php?rest_route=%2Fwp%2Fv2%2Fcomments&post=1485"}],"version-history":[{"count":2,"href":"https:\/\/judo-kg-norden.de\/index.php?rest_route=\/wp\/v2\/posts\/1485\/revisions"}],"predecessor-version":[{"id":1500,"href":"https:\/\/judo-kg-norden.de\/index.php?rest_route=\/wp\/v2\/posts\/1485\/revisions\/1500"}],"wp:attachment":[{"href":"https:\/\/judo-kg-norden.de\/index.php?rest_route=%2Fwp%2Fv2%2Fmedia&parent=1485"}],"wp:term":[{"taxonomy":"category","embeddable":true,"href":"https:\/\/judo-kg-norden.de\/index.php?rest_route=%2Fwp%2Fv2%2Fcategories&post=1485"},{"taxonomy":"post_tag","embeddable":true,"href":"https:\/\/judo-kg-norden.de\/index.php?rest_route=%2Fwp%2Fv2%2Ftags&post=1485"}],"curies":[{"name":"wp","href":"https:\/\/api.w.org\/{rel}","templated":true}]}}